{"id":1410,"date":"2018-07-16T16:59:15","date_gmt":"2018-07-16T16:59:15","guid":{"rendered":"http:\/\/www.jaumefarres.cat\/?p=1410"},"modified":"2018-07-23T05:56:09","modified_gmt":"2018-07-23T05:56:09","slug":"assumir-la-realitat-educa-no-traumatitza","status":"publish","type":"post","link":"https:\/\/www.jaumefarres.cat\/?p=1410","title":{"rendered":"Assumir la realitat educa, no traumatitza"},"content":{"rendered":"<p>Vivim en temps d\u2019ambig\u00fcitats i s\u2019est\u00e0 imposant la imprecisi\u00f3 per tal d\u2019evitar concretar. Es busquen eufemismes i met\u00e0fores que evitin una cosa tan normal com dir les coses pel seu nom. No cal ser gaire espavilat per adonar-se que l\u2019origen d\u2019aquesta manera de fer rau en la pol\u00edtica, perqu\u00e8 el \u201cxerrar per no dir res\u201d \u00e9s una de les seves caracter\u00edstiques.<\/p>\n<p>El tema comen\u00e7a a ser m\u00e9s preocupant quan es tracta de l\u2019\u00e0mbit educatiu. No \u00e9s cap novetat que, ja fa una colla d\u2019anys, la tend\u00e8ncia \u00e9s buscar alternatives que evitin afrontar realitats, els canvis continuats pel que fa als informes i les notes en s\u00f3n un bon exemple. \u00c9s l\u2019etern debat: qualificar o quantificar? I en qualsevol de les dues alternatives, com fer-ho per daurar la p\u00edndola.<\/p>\n<p>Des d\u2019una \u00f2ptica educativa realista, es guanya alguna cosa edulcorant la realitat? Hom pot pensar que \u00e9s una manera d\u2019evitar traumes, perqu\u00e8 hi ha qui davant del fet d\u2019afrontar, hi veu un trauma potencial. Particularment considero que el pitjor trauma \u00e9s haver viscut en un n\u00favol i aterrar de cop davant de les moltes i variades situacions que ens depara la vida. La sobreprotecci\u00f3, a qualsevol edat i en qualsevol de les seves modalitats, per b\u00e9 que es vulgui camuflar, dificulta el proc\u00e9s de maduraci\u00f3 personal, la qual cosa comporta que a la llarga se\u2019n paguin les conseq\u00fc\u00e8ncies; aix\u00f2 s\u00ed que \u00e9s un aut\u00e8ntic trauma.<\/p>\n<p style=\"text-align: right;\"><em>16\/7\/2018<\/em><\/p>\n<p style=\"text-align: left;\"><em><strong>Publicada a EL PERI\u00d3DICO \u00a0el 20\/7\/2018 i a EL PUNT AVUI el 23\/7\/2018<\/strong><\/em><\/p>\n","protected":false},"excerpt":{"rendered":"<p>Vivim en temps d\u2019ambig\u00fcitats i s\u2019est\u00e0 imposant la imprecisi\u00f3 per tal d\u2019evitar concretar. Es busquen eufemismes i met\u00e0fores que evitin una cosa tan normal com dir les coses pel seu nom. No cal ser gaire espavilat per adonar-se que l\u2019origen d\u2019aquesta manera de fer rau en la pol\u00edtica, perqu\u00e8 el \u201cxerrar per no dir res\u201d [&hellip;]<\/p>\n","protected":false},"author":1,"featured_media":0,"comment_status":"closed","ping_status":"open","sticky":false,"template":"","format":"standard","meta":[],"categories":[8],"tags":[],"_links":{"self":[{"href":"https:\/\/www.jaumefarres.cat\/index.php?rest_route=\/wp\/v2\/posts\/1410"}],"collection":[{"href":"https:\/\/www.jaumefarres.cat\/index.php?rest_route=\/wp\/v2\/posts"}],"about":[{"href":"https:\/\/www.jaumefarres.cat\/index.php?rest_route=\/wp\/v2\/types\/post"}],"author":[{"embeddable":true,"href":"https:\/\/www.jaumefarres.cat\/index.php?rest_route=\/wp\/v2\/users\/1"}],"replies":[{"embeddable":true,"href":"https:\/\/www.jaumefarres.cat\/index.php?rest_route=%2Fwp%2Fv2%2Fcomments&post=1410"}],"version-history":[{"count":3,"href":"https:\/\/www.jaumefarres.cat\/index.php?rest_route=\/wp\/v2\/posts\/1410\/revisions"}],"predecessor-version":[{"id":1426,"href":"https:\/\/www.jaumefarres.cat\/index.php?rest_route=\/wp\/v2\/posts\/1410\/revisions\/1426"}],"wp:attachment":[{"href":"https:\/\/www.jaumefarres.cat\/index.php?rest_route=%2Fwp%2Fv2%2Fmedia&parent=1410"}],"wp:term":[{"taxonomy":"category","embeddable":true,"href":"https:\/\/www.jaumefarres.cat\/index.php?rest_route=%2Fwp%2Fv2%2Fcategories&post=1410"},{"taxonomy":"post_tag","embeddable":true,"href":"https:\/\/www.jaumefarres.cat\/index.php?rest_route=%2Fwp%2Fv2%2Ftags&post=1410"}],"curies":[{"name":"wp","href":"https:\/\/api.w.org\/{rel}","templated":true}]}}