{"id":1406,"date":"2018-07-14T16:45:24","date_gmt":"2018-07-14T16:45:24","guid":{"rendered":"http:\/\/www.jaumefarres.cat\/?p=1406"},"modified":"2018-07-18T07:15:47","modified_gmt":"2018-07-18T07:15:47","slug":"una-mes-de-linefable-miquel-iceta","status":"publish","type":"post","link":"https:\/\/www.jaumefarres.cat\/?p=1406","title":{"rendered":"Una m\u00e9s de l&#8217;inefable Miquel Iceta"},"content":{"rendered":"<p>Reconec la capacitat de Miquel Iceta per canviar el discurs a conveni\u00e8ncia per\u00f2 no ho admiro, ans al contrari, em produeix rebuig. En qualsevol cas, aquesta diguem-ne \u201cvirtut\u201d, li ha perm\u00e8s estar a primera l\u00ednia de forma perenne i , d\u2019aquesta manera, poder viure a costa del sistema en espera del \u201cpla vitalici\u201d que s\u2019haur\u00e0 guanyat pels serveis prestats. Tot un crack!<\/p>\n<p>Ara resulta que demana a l\u2019independentisme no caure en la judicialitzaci\u00f3 de la pol\u00edtica. La que em faltava per sentir! Ser\u00e0 possible?<\/p>\n<p>S\u00f3c dels que pensen que les coses s\u2019han de dir amb claredat i tenint cura de les formes tot i que de vegades es fa dif\u00edcil, motiu pel qual, en ocasions s\u2019ha de rec\u00f3rrer als eufemismes i a les met\u00e0fores. \u00c9s per aix\u00f2 que li vull dir al senyor Miquel Iceta que se\u2019n \u201cvagi a pastar fang\u201d o el que \u00e9s millor: \u201cque es compri un bosc i es perdi\u201d. Particularment, i imagino que com moltes persones, estic fart de personatges que no aporten absolutament res de bo i que \u00fanicament es dediquen a fer \u201cbullir l\u2019olla\u201d.<\/p>\n<p style=\"text-align: right;\"><em>14\/7\/2018<\/em><\/p>\n<p style=\"text-align: left;\"><em><strong>Publicada a EL PERI\u00d3DICO el 18\/7\/2018<\/strong><\/em><\/p>\n","protected":false},"excerpt":{"rendered":"<p>Reconec la capacitat de Miquel Iceta per canviar el discurs a conveni\u00e8ncia per\u00f2 no ho admiro, ans al contrari, em produeix rebuig. En qualsevol cas, aquesta diguem-ne \u201cvirtut\u201d, li ha perm\u00e8s estar a primera l\u00ednia de forma perenne i , d\u2019aquesta manera, poder viure a costa del sistema en espera del \u201cpla vitalici\u201d que s\u2019haur\u00e0 [&hellip;]<\/p>\n","protected":false},"author":1,"featured_media":0,"comment_status":"closed","ping_status":"open","sticky":false,"template":"","format":"standard","meta":[],"categories":[8],"tags":[],"_links":{"self":[{"href":"https:\/\/www.jaumefarres.cat\/index.php?rest_route=\/wp\/v2\/posts\/1406"}],"collection":[{"href":"https:\/\/www.jaumefarres.cat\/index.php?rest_route=\/wp\/v2\/posts"}],"about":[{"href":"https:\/\/www.jaumefarres.cat\/index.php?rest_route=\/wp\/v2\/types\/post"}],"author":[{"embeddable":true,"href":"https:\/\/www.jaumefarres.cat\/index.php?rest_route=\/wp\/v2\/users\/1"}],"replies":[{"embeddable":true,"href":"https:\/\/www.jaumefarres.cat\/index.php?rest_route=%2Fwp%2Fv2%2Fcomments&post=1406"}],"version-history":[{"count":3,"href":"https:\/\/www.jaumefarres.cat\/index.php?rest_route=\/wp\/v2\/posts\/1406\/revisions"}],"predecessor-version":[{"id":1415,"href":"https:\/\/www.jaumefarres.cat\/index.php?rest_route=\/wp\/v2\/posts\/1406\/revisions\/1415"}],"wp:attachment":[{"href":"https:\/\/www.jaumefarres.cat\/index.php?rest_route=%2Fwp%2Fv2%2Fmedia&parent=1406"}],"wp:term":[{"taxonomy":"category","embeddable":true,"href":"https:\/\/www.jaumefarres.cat\/index.php?rest_route=%2Fwp%2Fv2%2Fcategories&post=1406"},{"taxonomy":"post_tag","embeddable":true,"href":"https:\/\/www.jaumefarres.cat\/index.php?rest_route=%2Fwp%2Fv2%2Ftags&post=1406"}],"curies":[{"name":"wp","href":"https:\/\/api.w.org\/{rel}","templated":true}]}}