{"id":1403,"date":"2018-07-13T16:42:11","date_gmt":"2018-07-13T16:42:11","guid":{"rendered":"http:\/\/www.jaumefarres.cat\/?p=1403"},"modified":"2018-09-06T17:51:31","modified_gmt":"2018-09-06T17:51:31","slug":"el-retorn-de-calimero","status":"publish","type":"post","link":"https:\/\/www.jaumefarres.cat\/?p=1403","title":{"rendered":"El retorn de &#8220;Calimero&#8221;"},"content":{"rendered":"<p>It\u00e0lia, principis de la d\u00e8cada dels anys 60. Apareix un personatge televisiu per tal d\u2019anunciar un detergent. Es tracta d\u2019un pollet, es diu Calimero i \u00e9s un personatge certament curi\u00f3s&#8230; Calimero personificava el sentiment d\u2019incomprensi\u00f3 i la marginaci\u00f3 per part dels adults. Deia: <em>Ning\u00fa em vol perqu\u00e8 s\u00f3c petit! No \u00e9s just! Aix\u00f2 \u00e9s una injust\u00edcia! \u00c9s que els adults no m\u2019entenen!<\/em><\/p>\n<p>A l\u2019Espanya del anys 80, Calimero va protagonitzar una s\u00e8rie de dibuixos animats i, el missatge d\u2019incomprensi\u00f3 i marginaci\u00f3 amb que acabava cada cap\u00edtol \u00e9s va fer fam\u00f3s. Eren temps contestataris!<\/p>\n<p>Quan la d\u00e8cada de 2010 s\u2019est\u00e0 acabant, tamb\u00e9 es planteja la incomprensi\u00f3 i la marginaci\u00f3 per part dels adults. En aquest cas per\u00f2, els adults no s\u00f3n persones, \u00e9s Europa. L\u2019Europa de tradici\u00f3 democr\u00e0tica i de la separaci\u00f3 de poders, que q\u00fcestiona la fiabilitat d\u2019un relat ideat, escrit, divulgat i defensat pels imitadors de Calimero, que han vist com els seus plantejaments s\u2019ensorraven a causa de la pr\u00f2pia inconsist\u00e8ncia; davant d\u2019aquest fet, orgullosos i superbs, la seva reacci\u00f3 ha estat apropiar-se de les frases del personatge. \u00c9s innegable que en la nova s\u00e8rie de dibuixos animats, Calimero no est\u00e0 sol, l\u2019acompanyen alguns jutges, pol\u00edtics i periodistes; de fet, la met\u00e0fora calimeriana il\u00b7lustra perfectament la realitat d\u2019una Espanya ancorada en un passat fosc incapa\u00e7 de superar.<\/p>\n<p style=\"text-align: right;\"><em>13\/7\/2018<\/em><\/p>\n<p style=\"text-align: left;\"><em><strong>Publicada a EL PERI\u00d3DICO amb el t\u00edtol &#8220;El retorn de Calimero a l&#8217;Europa del s. XXI&#8221; el 17\/7\/2018<\/strong><\/em><\/p>\n","protected":false},"excerpt":{"rendered":"<p>It\u00e0lia, principis de la d\u00e8cada dels anys 60. Apareix un personatge televisiu per tal d\u2019anunciar un detergent. Es tracta d\u2019un pollet, es diu Calimero i \u00e9s un personatge certament curi\u00f3s&#8230; Calimero personificava el sentiment d\u2019incomprensi\u00f3 i la marginaci\u00f3 per part dels adults. Deia: Ning\u00fa em vol perqu\u00e8 s\u00f3c petit! No \u00e9s just! Aix\u00f2 \u00e9s una [&hellip;]<\/p>\n","protected":false},"author":1,"featured_media":0,"comment_status":"closed","ping_status":"open","sticky":false,"template":"","format":"standard","meta":[],"categories":[8],"tags":[],"_links":{"self":[{"href":"https:\/\/www.jaumefarres.cat\/index.php?rest_route=\/wp\/v2\/posts\/1403"}],"collection":[{"href":"https:\/\/www.jaumefarres.cat\/index.php?rest_route=\/wp\/v2\/posts"}],"about":[{"href":"https:\/\/www.jaumefarres.cat\/index.php?rest_route=\/wp\/v2\/types\/post"}],"author":[{"embeddable":true,"href":"https:\/\/www.jaumefarres.cat\/index.php?rest_route=\/wp\/v2\/users\/1"}],"replies":[{"embeddable":true,"href":"https:\/\/www.jaumefarres.cat\/index.php?rest_route=%2Fwp%2Fv2%2Fcomments&post=1403"}],"version-history":[{"count":5,"href":"https:\/\/www.jaumefarres.cat\/index.php?rest_route=\/wp\/v2\/posts\/1403\/revisions"}],"predecessor-version":[{"id":1509,"href":"https:\/\/www.jaumefarres.cat\/index.php?rest_route=\/wp\/v2\/posts\/1403\/revisions\/1509"}],"wp:attachment":[{"href":"https:\/\/www.jaumefarres.cat\/index.php?rest_route=%2Fwp%2Fv2%2Fmedia&parent=1403"}],"wp:term":[{"taxonomy":"category","embeddable":true,"href":"https:\/\/www.jaumefarres.cat\/index.php?rest_route=%2Fwp%2Fv2%2Fcategories&post=1403"},{"taxonomy":"post_tag","embeddable":true,"href":"https:\/\/www.jaumefarres.cat\/index.php?rest_route=%2Fwp%2Fv2%2Ftags&post=1403"}],"curies":[{"name":"wp","href":"https:\/\/api.w.org\/{rel}","templated":true}]}}