{"id":1389,"date":"2018-07-09T08:50:40","date_gmt":"2018-07-09T08:50:40","guid":{"rendered":"http:\/\/www.jaumefarres.cat\/?p=1389"},"modified":"2018-07-16T09:40:56","modified_gmt":"2018-07-16T09:40:56","slug":"pobra-soraya-quina-llastima-que-em-fas","status":"publish","type":"post","link":"https:\/\/www.jaumefarres.cat\/?p=1389","title":{"rendered":"Pobra Soraya! Quina ll\u00e0stima que em fas!"},"content":{"rendered":"<p>Benvolguda (tractament per imperatiu legal) Soraya, tant si perd com si guanya aquestes prim\u00e0ries, no em puc estar de dedicar-li aquest fragment (Conversi\u00f3 de Maria Magdalena) de <em>La Passi\u00f3 <\/em>d\u2019Olesa de Montserrat: <em>\u201cPer\u00f2 van passant els dies i la teva fi vindr\u00e0, i tota tu una desferra, sense un amor pur i dol\u00e7, retornar\u00e0s a la terra feta cendra i feta pols. Tots aquells que et volten ara, tots desapareixeran quan veuran la teva cara que es va marcint i arrugant [&#8230;] Pobra Maria! Quina ll\u00e0stima que em fas! Est\u00e0s endimoniada i quan tu parles no ets tu. Dintre teu hi ha la niada de set fills de Beelzeb\u00fa que et turmenta i et domina&#8221;.<\/em><\/p>\n<p>Del seu discurs actual vull destacar la apel\u00b7laci\u00f3 a la <strong>humilitat,\u00a0<\/strong>valor que, com tots els personatges arrogants i prepotents, vost\u00e8 ignora de forma permanent. Intueixo que les seves aspiracions, davant la compet\u00e8ncia fratricida a la qual s\u2019enfronta (Casado-Cospedal) i les crides a la unitat (de conveni\u00e8ncia) li aconsellen interpretar un paper que no li va per\u00f2 que es veu obligada a representar de cara a la incomptable milit\u00e0ncia, que en realitat sembla ser que no \u00e9s tanta. En qualsevol cas, la seva petul\u00e0ncia la delata. &#8220;<em>Pobra Soraya! Quina ll\u00e0stima que em fas!&#8221;.<\/em><\/p>\n<p style=\"text-align: right;\"><em>9\/7\/2018<\/em><\/p>\n<p style=\"text-align: left;\"><strong><em>Publicada a EL PUNT AVUI el 13\/7\/2018<\/em><\/strong><\/p>\n","protected":false},"excerpt":{"rendered":"<p>Benvolguda (tractament per imperatiu legal) Soraya, tant si perd com si guanya aquestes prim\u00e0ries, no em puc estar de dedicar-li aquest fragment (Conversi\u00f3 de Maria Magdalena) de La Passi\u00f3 d\u2019Olesa de Montserrat: \u201cPer\u00f2 van passant els dies i la teva fi vindr\u00e0, i tota tu una desferra, sense un amor pur i dol\u00e7, retornar\u00e0s a [&hellip;]<\/p>\n","protected":false},"author":1,"featured_media":0,"comment_status":"closed","ping_status":"open","sticky":false,"template":"","format":"standard","meta":[],"categories":[8],"tags":[],"_links":{"self":[{"href":"https:\/\/www.jaumefarres.cat\/index.php?rest_route=\/wp\/v2\/posts\/1389"}],"collection":[{"href":"https:\/\/www.jaumefarres.cat\/index.php?rest_route=\/wp\/v2\/posts"}],"about":[{"href":"https:\/\/www.jaumefarres.cat\/index.php?rest_route=\/wp\/v2\/types\/post"}],"author":[{"embeddable":true,"href":"https:\/\/www.jaumefarres.cat\/index.php?rest_route=\/wp\/v2\/users\/1"}],"replies":[{"embeddable":true,"href":"https:\/\/www.jaumefarres.cat\/index.php?rest_route=%2Fwp%2Fv2%2Fcomments&post=1389"}],"version-history":[{"count":9,"href":"https:\/\/www.jaumefarres.cat\/index.php?rest_route=\/wp\/v2\/posts\/1389\/revisions"}],"predecessor-version":[{"id":1408,"href":"https:\/\/www.jaumefarres.cat\/index.php?rest_route=\/wp\/v2\/posts\/1389\/revisions\/1408"}],"wp:attachment":[{"href":"https:\/\/www.jaumefarres.cat\/index.php?rest_route=%2Fwp%2Fv2%2Fmedia&parent=1389"}],"wp:term":[{"taxonomy":"category","embeddable":true,"href":"https:\/\/www.jaumefarres.cat\/index.php?rest_route=%2Fwp%2Fv2%2Fcategories&post=1389"},{"taxonomy":"post_tag","embeddable":true,"href":"https:\/\/www.jaumefarres.cat\/index.php?rest_route=%2Fwp%2Fv2%2Ftags&post=1389"}],"curies":[{"name":"wp","href":"https:\/\/api.w.org\/{rel}","templated":true}]}}