{"id":1381,"date":"2018-07-04T14:46:59","date_gmt":"2018-07-04T14:46:59","guid":{"rendered":"http:\/\/www.jaumefarres.cat\/?p=1381"},"modified":"2018-07-13T07:22:51","modified_gmt":"2018-07-13T07:22:51","slug":"sobre-el-trasllat-dels-presos-politics","status":"publish","type":"post","link":"https:\/\/www.jaumefarres.cat\/?p=1381","title":{"rendered":"Sobre el trasllat dels presos pol\u00edtics"},"content":{"rendered":"<p>Les reaccions de l\u2019unionisme i de la ultradreta davant el trasllat el presos a Catalunya no em sorprenen en absolut, ans al contrari, em confirmen el seu concepte de just\u00edcia; tant pels uns com pels altres, la just\u00edcia comporta venjan\u00e7a i humiliaci\u00f3 de l\u2019enemic. I \u00e9s en aquest punt on es torna a evidenciar que el fet de pensar diferent (he dit pensar?) fa que adversari s\u2019identifiqui amb enemic. Res m\u00e9s lluny de la realitat en entorns democr\u00e0tics.<\/p>\n<p>El trasllat a Catalunya no \u00e9s cap concessi\u00f3, es tracta simplement de complir amb la llei, la llei tantes vegades invocada pels sectors que ara critiquen la seva aplicaci\u00f3. Cinisme, hipocresia i vilesa en uns i pobresa mental en altres, compensada per la for\u00e7a bruta.<\/p>\n<p>Podria entrar en comparatives passades i presents \u00a0en aquesta mat\u00e8ria per\u00f2 la realitat parla per si sola. Els presos pol\u00edtics catalans no gaudeixen de cap privilegi, ni crec que el vulguin; del que estic conven\u00e7ut \u00e9s que desitgen que s\u2019imparteixi JUST\u00cdCIA. En els casos que ens ocupen, impartir just\u00edcia hauria de ser tan senzill com retirar unes imputacions no provades i que la realitat desmenteix.<\/p>\n<p><em>\u201cTots som iguals davant la llei, per\u00f2 no davant dels encarregats d\u2019aplicar-les\u201d <\/em>\u00a0(Stanislaw Lec , 1909-1966).<\/p>\n<p>Per cert, en base a la seva suposada formaci\u00f3, Jos\u00e9 M\u00aa Aznar hauria de saber que el darrer cop d\u2019estat, llevat de l\u2019intent frustrat de 1981, es va produir el 1936. La prud\u00e8ncia, que \u00e9s bona consellera, li hauria de suggerir callar, no fos cas que un bon dia&#8230; Temps al temps, perqu\u00e8 tard o d\u2019hora la hist\u00f2ria, justament, situa a cadasc\u00fa on li correspon.<\/p>\n<p style=\"text-align: right;\"><em>4\/7\/2018<\/em><\/p>\n<p style=\"text-align: left;\"><strong><em>Publicada al diari ARA amb el t\u00edtol &#8220;El trasllat dels presos pol\u00edtics&#8221; el 5\/7\/2018, a EL PERI\u00d3DICO amb el t\u00edtol &#8220;Els presos pol\u00edtics catalans no gaudeixen de cap privilegi&#8221; el 6\/7\/2018 i a EL PUNT AVUI amb el t\u00edtol &#8220;Just\u00edcia&#8221; el 8\/7\/2018<\/em><\/strong><\/p>\n","protected":false},"excerpt":{"rendered":"<p>Les reaccions de l\u2019unionisme i de la ultradreta davant el trasllat el presos a Catalunya no em sorprenen en absolut, ans al contrari, em confirmen el seu concepte de just\u00edcia; tant pels uns com pels altres, la just\u00edcia comporta venjan\u00e7a i humiliaci\u00f3 de l\u2019enemic. I \u00e9s en aquest punt on es torna a evidenciar que [&hellip;]<\/p>\n","protected":false},"author":1,"featured_media":0,"comment_status":"closed","ping_status":"open","sticky":false,"template":"","format":"standard","meta":[],"categories":[8],"tags":[],"_links":{"self":[{"href":"https:\/\/www.jaumefarres.cat\/index.php?rest_route=\/wp\/v2\/posts\/1381"}],"collection":[{"href":"https:\/\/www.jaumefarres.cat\/index.php?rest_route=\/wp\/v2\/posts"}],"about":[{"href":"https:\/\/www.jaumefarres.cat\/index.php?rest_route=\/wp\/v2\/types\/post"}],"author":[{"embeddable":true,"href":"https:\/\/www.jaumefarres.cat\/index.php?rest_route=\/wp\/v2\/users\/1"}],"replies":[{"embeddable":true,"href":"https:\/\/www.jaumefarres.cat\/index.php?rest_route=%2Fwp%2Fv2%2Fcomments&post=1381"}],"version-history":[{"count":7,"href":"https:\/\/www.jaumefarres.cat\/index.php?rest_route=\/wp\/v2\/posts\/1381\/revisions"}],"predecessor-version":[{"id":1402,"href":"https:\/\/www.jaumefarres.cat\/index.php?rest_route=\/wp\/v2\/posts\/1381\/revisions\/1402"}],"wp:attachment":[{"href":"https:\/\/www.jaumefarres.cat\/index.php?rest_route=%2Fwp%2Fv2%2Fmedia&parent=1381"}],"wp:term":[{"taxonomy":"category","embeddable":true,"href":"https:\/\/www.jaumefarres.cat\/index.php?rest_route=%2Fwp%2Fv2%2Fcategories&post=1381"},{"taxonomy":"post_tag","embeddable":true,"href":"https:\/\/www.jaumefarres.cat\/index.php?rest_route=%2Fwp%2Fv2%2Ftags&post=1381"}],"curies":[{"name":"wp","href":"https:\/\/api.w.org\/{rel}","templated":true}]}}