{"id":1379,"date":"2018-07-01T11:50:22","date_gmt":"2018-07-01T11:50:22","guid":{"rendered":"http:\/\/www.jaumefarres.cat\/?p=1379"},"modified":"2019-03-15T21:55:52","modified_gmt":"2019-03-15T21:55:52","slug":"presentacio-del-llibre-reflexions-en-veu-alta-2009-2018","status":"publish","type":"post","link":"https:\/\/www.jaumefarres.cat\/?p=1379","title":{"rendered":"Presentaci\u00f3 del llibre &#8220;Reflexions en veu alta 2009-2018&#8221;"},"content":{"rendered":"<p>El dia 18 de maig de 2018 vaig tenir el goig de presentar <em>Reflexions en veu alta 2009-2018<\/em>, llibre publicat per l\u2019editorial Sunya, gr\u00e0cies al suport i finan\u00e7ament d\u2019OlesaAteneu i de la Comunitat Minera Olesana respectivament. A totes dues entitats, el meu agra\u00efment m\u00e9s sincer.<\/p>\n<p>L\u2019acte de presentaci\u00f3 va ser condu\u00eft, de forma molt personal i entranyable,\u00a0 pel periodista local Marc Amat, del qual he de dir que havia estat alumne meu quan cursava l\u2019ESO. Tamb\u00e9 hi van participar el president d\u2019OlesaAteneu, l\u2019Albert Amat \u2013autor del pr\u00f2leg- i el president de la Comunitat Minera Olesana en Joan Ar\u00e9valo. \u00a0He de dir que l\u2019assist\u00e8ncia va ser considerable i que el bon ambient existent, va propiciar un col\u00b7loqui for\u00e7a interessant \u00a0pel que fa a les preguntes formulades: motivacions, m\u00e8tode treball, finalitat, expectatives, etc.<\/p>\n<p>En relaci\u00f3 a la justificaci\u00f3 del llibre, dir que va ser a finals del 2009, com a conseq\u00fc\u00e8ncia d&#8217;un esdeveniment familiar puntual, que em vaig adonar que tenia la necessitat d&#8217;exterioritzar pensaments i opinions que jo tenia sobre temes diversos. Aix\u00ed doncs, em vaig decidir a fer-ho mitjan\u00e7ant cartes, cartes que al principi, vaig enviar &#8211; a diferents mitjans de comunicaci\u00f3 &#8211; de mica en mica, per\u00f2 que com aquell que no vol la cosa, de forma progressiva, cada vegada ho vaig anar fent amb m\u00e9s freq\u00fc\u00e8ncia. Unes van ser publicades, &#8211; al principi en comptagotes -,\u00a0 d&#8217;altres no, per\u00f2 he de dir que a dia d&#8217;avui, el percentatge de publicaci\u00f3 \u00e9s molt satisfactori, la qual cosa m&#8217;esperona a continuar escrivint. Escriure peri\u00f2dicament als diaris, de forma epistolar, \u00e9s una manera de participar d&#8217;un debat social d&#8217;ampli espectre tem\u00e0tic que m&#8217;ofereix l&#8217;oportunitat de denunciar p\u00fablicament accions i situacions que considero inadmissibles.<\/p>\n<p>Mitjan\u00e7ant aquesta pr\u00e0ctica vaig arribat a la conclusi\u00f3 que el fet d&#8217;escriure, i signar amb nom i cognoms,\u00a0 era un exercici de responsabilitat que em comprometia \u00a0i que, com no podia ser d&#8217;altra manera, m&#8217;obligava a estar informat i a reflexionar, per\u00f2 per damunt de tot, a ser cr\u00edtic amb els esdeveniments que dia darrere dia conformen el panorama que ens envolta.<\/p>\n<p>Com a conseq\u00fc\u00e8ncia, i amb tota humilitat, considero que estic en condicions\u00a0d&#8217;aportar el meu punt de vista amb un cert coneixement de causa malgrat mai disposo de tota la informaci\u00f3 que voldria i, ben segur, aquella que tinc a l&#8217;abast \u00e9s insuficient. Personalment penso que, aquesta activitat continuada, \u00e9s equivalent a una ter\u00e0pia, a una v\u00e0lvula d&#8217;escapament davant la impossibilitat de poder dir coses cara a cara, com m&#8217;agradaria poder fer, o b\u00e9 d&#8217;utilitzar altres canals per a poder expressar-me. La tem\u00e0tica tractada des que em vaig decidir a escriure ha contribu\u00eft a refor\u00e7ar el meu ideari, tamb\u00e9 en alguns casos, a canviar determinats paradigmes; en qualsevol cas, per\u00f2, ha estat com una entrada d&#8217;aire fresc que m\u00b4ha aportat higiene mental.<\/p>\n<p style=\"text-align: right;\"><em>Maig de 2018<\/em><\/p>\n","protected":false},"excerpt":{"rendered":"<p>El dia 18 de maig de 2018 vaig tenir el goig de presentar Reflexions en veu alta 2009-2018, llibre publicat per l\u2019editorial Sunya, gr\u00e0cies al suport i finan\u00e7ament d\u2019OlesaAteneu i de la Comunitat Minera Olesana respectivament. A totes dues entitats, el meu agra\u00efment m\u00e9s sincer. L\u2019acte de presentaci\u00f3 va ser condu\u00eft, de forma molt personal [&hellip;]<\/p>\n","protected":false},"author":1,"featured_media":0,"comment_status":"closed","ping_status":"open","sticky":false,"template":"","format":"standard","meta":[],"categories":[7],"tags":[],"_links":{"self":[{"href":"https:\/\/www.jaumefarres.cat\/index.php?rest_route=\/wp\/v2\/posts\/1379"}],"collection":[{"href":"https:\/\/www.jaumefarres.cat\/index.php?rest_route=\/wp\/v2\/posts"}],"about":[{"href":"https:\/\/www.jaumefarres.cat\/index.php?rest_route=\/wp\/v2\/types\/post"}],"author":[{"embeddable":true,"href":"https:\/\/www.jaumefarres.cat\/index.php?rest_route=\/wp\/v2\/users\/1"}],"replies":[{"embeddable":true,"href":"https:\/\/www.jaumefarres.cat\/index.php?rest_route=%2Fwp%2Fv2%2Fcomments&post=1379"}],"version-history":[{"count":2,"href":"https:\/\/www.jaumefarres.cat\/index.php?rest_route=\/wp\/v2\/posts\/1379\/revisions"}],"predecessor-version":[{"id":1771,"href":"https:\/\/www.jaumefarres.cat\/index.php?rest_route=\/wp\/v2\/posts\/1379\/revisions\/1771"}],"wp:attachment":[{"href":"https:\/\/www.jaumefarres.cat\/index.php?rest_route=%2Fwp%2Fv2%2Fmedia&parent=1379"}],"wp:term":[{"taxonomy":"category","embeddable":true,"href":"https:\/\/www.jaumefarres.cat\/index.php?rest_route=%2Fwp%2Fv2%2Fcategories&post=1379"},{"taxonomy":"post_tag","embeddable":true,"href":"https:\/\/www.jaumefarres.cat\/index.php?rest_route=%2Fwp%2Fv2%2Ftags&post=1379"}],"curies":[{"name":"wp","href":"https:\/\/api.w.org\/{rel}","templated":true}]}}