{"id":1372,"date":"2018-06-21T15:46:56","date_gmt":"2018-06-21T15:46:56","guid":{"rendered":"http:\/\/www.jaumefarres.cat\/?p=1372"},"modified":"2018-06-28T16:57:54","modified_gmt":"2018-06-28T16:57:54","slug":"es-foten-del-mort-i-de-qui-el-vetlla","status":"publish","type":"post","link":"https:\/\/www.jaumefarres.cat\/?p=1372","title":{"rendered":"Es foten del mort i de qui el vetlla"},"content":{"rendered":"<p>No \u00e9s cap secret que els catalans tenim un sentit de l\u2019humor molt particular, tan particular que som capa\u00e7os de fer broma fins i tot de nosaltres mateixos; aquesta capacitat d\u2019expressi\u00f3 en clau humor\u00edstica \u00e9s saludable i \u00e9s evident que afavoreix la higiene mental. Una altra cosa molt diferent \u00e9s que se te\u2019n fotin, perqu\u00e8 per m\u00e9s sentit de l\u2019humor que hom tingui, tot t\u00e9 un l\u00edmit, molt m\u00e9s quan t\u2019adones que s\u2019est\u00e0 insultant la teva intel\u00b7lig\u00e8ncia com a ciutad\u00e0.<\/p>\n<p>En aquests darrers temps, de les moltes decisions que s\u2019han pres en el camp de la just\u00edcia, ja nom\u00e9s em faltava sentir que els membres de \u201cLa manada\u201d gaudiran de llibertat.<\/p>\n<p>D\u2019aix\u00f2 a Catalunya en diem: <strong>es foten del mort i de qui el vetlla<\/strong>.<\/p>\n<p>\u00c9s indignant!!!<\/p>\n<p style=\"text-align: right;\"><em>21\/6\/2018<\/em><\/p>\n<p style=\"text-align: left;\"><em><strong>Publicada a EL PERI\u00d3DICO amb el t\u00edtol &#8220;Llibertat provisional per a &#8216;la Manada&#8217;: Es foten del mort i de qui el vetlla&#8221; el 22\/6\/2108 i a EL PUNT AVUI amb el t\u00edtol &#8220;Indignant&#8221; el 25\/6\/2018<\/strong><\/em><\/p>\n","protected":false},"excerpt":{"rendered":"<p>No \u00e9s cap secret que els catalans tenim un sentit de l\u2019humor molt particular, tan particular que som capa\u00e7os de fer broma fins i tot de nosaltres mateixos; aquesta capacitat d\u2019expressi\u00f3 en clau humor\u00edstica \u00e9s saludable i \u00e9s evident que afavoreix la higiene mental. Una altra cosa molt diferent \u00e9s que se te\u2019n fotin, perqu\u00e8 [&hellip;]<\/p>\n","protected":false},"author":1,"featured_media":0,"comment_status":"closed","ping_status":"open","sticky":false,"template":"","format":"standard","meta":[],"categories":[8],"tags":[],"_links":{"self":[{"href":"https:\/\/www.jaumefarres.cat\/index.php?rest_route=\/wp\/v2\/posts\/1372"}],"collection":[{"href":"https:\/\/www.jaumefarres.cat\/index.php?rest_route=\/wp\/v2\/posts"}],"about":[{"href":"https:\/\/www.jaumefarres.cat\/index.php?rest_route=\/wp\/v2\/types\/post"}],"author":[{"embeddable":true,"href":"https:\/\/www.jaumefarres.cat\/index.php?rest_route=\/wp\/v2\/users\/1"}],"replies":[{"embeddable":true,"href":"https:\/\/www.jaumefarres.cat\/index.php?rest_route=%2Fwp%2Fv2%2Fcomments&post=1372"}],"version-history":[{"count":5,"href":"https:\/\/www.jaumefarres.cat\/index.php?rest_route=\/wp\/v2\/posts\/1372\/revisions"}],"predecessor-version":[{"id":1378,"href":"https:\/\/www.jaumefarres.cat\/index.php?rest_route=\/wp\/v2\/posts\/1372\/revisions\/1378"}],"wp:attachment":[{"href":"https:\/\/www.jaumefarres.cat\/index.php?rest_route=%2Fwp%2Fv2%2Fmedia&parent=1372"}],"wp:term":[{"taxonomy":"category","embeddable":true,"href":"https:\/\/www.jaumefarres.cat\/index.php?rest_route=%2Fwp%2Fv2%2Fcategories&post=1372"},{"taxonomy":"post_tag","embeddable":true,"href":"https:\/\/www.jaumefarres.cat\/index.php?rest_route=%2Fwp%2Fv2%2Ftags&post=1372"}],"curies":[{"name":"wp","href":"https:\/\/api.w.org\/{rel}","templated":true}]}}