{"id":1366,"date":"2018-06-18T07:41:52","date_gmt":"2018-06-18T07:41:52","guid":{"rendered":"http:\/\/www.jaumefarres.cat\/?p=1366"},"modified":"2018-06-19T10:33:52","modified_gmt":"2018-06-19T10:33:52","slug":"la-sindrome-de-pinotxo","status":"publish","type":"post","link":"https:\/\/www.jaumefarres.cat\/?p=1366","title":{"rendered":"La s\u00edndrome de Pinocchio"},"content":{"rendered":"<p>Francament, estic molt tip de sentir mentides. L\u2019escalada demag\u00f2gica creix en proporci\u00f3 directa a l\u2019abs\u00e8ncia de credibilitat dels de sempre, perqu\u00e8 el seu argumentari es fonamenta en la mentida, la difamaci\u00f3, la desqualificaci\u00f3 i l\u2019insult. De respecte a l\u2019adversari i constructivisme, ni parlar-ne! De fet, s\u00f3n analfabets en aquesta mat\u00e8ria. Si per cada mentida que diuen \u00a0augment\u00e9s la longitud del seu nas, molts dels que es dediquen a la pol\u00edtica, serien un clon de Pinotxo.<\/p>\n<p>\u00c9s ofensiu i inadmissible el desvergonyiment de certs individus, que no nomenar\u00e9 perqu\u00e8 la llista seria massa llarga, que apareixen en les hemeroteques dient el contrari del que actualment prediquen; s\u00f3n els que s\u2019han venut la dignitat per un c\u00e0rrec, en alguns casos, gaireb\u00e9 vitalici.<\/p>\n<p>Puc entendre les discrep\u00e0ncies ideol\u00f2giques, per\u00f2 no la mentida sistem\u00e0tica per a fomentar la crispaci\u00f3 i per a justificar tot all\u00f2 que la realitat desmenteix. En aquesta activitat, C\u2019s i PP encap\u00e7alen el ranking.<\/p>\n<p>Pierre Corneille (1606-1684), deia: <em>\u201cS\u2019ha de tenir bona mem\u00f2ria, despr\u00e9s d\u2019haver mentit\u201d . <\/em>Ben segur que aquesta frase del dramaturg franc\u00e8s casa a la perfecci\u00f3 amb aquesta fauna pseudopol\u00edtica a la qual faig refer\u00e8ncia, que d\u2019haver viscut al segle XVII, probablement li haurien inspirat algun personatge per a les seves obres, <em>El mentider, <\/em>per exemple.<\/p>\n<p style=\"text-align: right;\"><em>17\/6\/2018<\/em><\/p>\n<p style=\"text-align: left;\"><em><strong>Publicada al diari ARA el 18\/6\/2018 i a EL PERI\u00d3DICO amb el t\u00edtol &#8221; La &#8220;s\u00edndrome de Pinocchio&#8221; al PP i C&#8217;s&#8221; el 19\/6\/2018<\/strong><\/em><\/p>\n","protected":false},"excerpt":{"rendered":"<p>Francament, estic molt tip de sentir mentides. L\u2019escalada demag\u00f2gica creix en proporci\u00f3 directa a l\u2019abs\u00e8ncia de credibilitat dels de sempre, perqu\u00e8 el seu argumentari es fonamenta en la mentida, la difamaci\u00f3, la desqualificaci\u00f3 i l\u2019insult. De respecte a l\u2019adversari i constructivisme, ni parlar-ne! De fet, s\u00f3n analfabets en aquesta mat\u00e8ria. Si per cada mentida que [&hellip;]<\/p>\n","protected":false},"author":1,"featured_media":0,"comment_status":"closed","ping_status":"open","sticky":false,"template":"","format":"standard","meta":[],"categories":[8],"tags":[],"_links":{"self":[{"href":"https:\/\/www.jaumefarres.cat\/index.php?rest_route=\/wp\/v2\/posts\/1366"}],"collection":[{"href":"https:\/\/www.jaumefarres.cat\/index.php?rest_route=\/wp\/v2\/posts"}],"about":[{"href":"https:\/\/www.jaumefarres.cat\/index.php?rest_route=\/wp\/v2\/types\/post"}],"author":[{"embeddable":true,"href":"https:\/\/www.jaumefarres.cat\/index.php?rest_route=\/wp\/v2\/users\/1"}],"replies":[{"embeddable":true,"href":"https:\/\/www.jaumefarres.cat\/index.php?rest_route=%2Fwp%2Fv2%2Fcomments&post=1366"}],"version-history":[{"count":3,"href":"https:\/\/www.jaumefarres.cat\/index.php?rest_route=\/wp\/v2\/posts\/1366\/revisions"}],"predecessor-version":[{"id":1371,"href":"https:\/\/www.jaumefarres.cat\/index.php?rest_route=\/wp\/v2\/posts\/1366\/revisions\/1371"}],"wp:attachment":[{"href":"https:\/\/www.jaumefarres.cat\/index.php?rest_route=%2Fwp%2Fv2%2Fmedia&parent=1366"}],"wp:term":[{"taxonomy":"category","embeddable":true,"href":"https:\/\/www.jaumefarres.cat\/index.php?rest_route=%2Fwp%2Fv2%2Fcategories&post=1366"},{"taxonomy":"post_tag","embeddable":true,"href":"https:\/\/www.jaumefarres.cat\/index.php?rest_route=%2Fwp%2Fv2%2Ftags&post=1366"}],"curies":[{"name":"wp","href":"https:\/\/api.w.org\/{rel}","templated":true}]}}