{"id":1358,"date":"2018-06-13T15:21:56","date_gmt":"2018-06-13T15:21:56","guid":{"rendered":"http:\/\/www.jaumefarres.cat\/?p=1358"},"modified":"2018-06-18T09:17:12","modified_gmt":"2018-06-18T09:17:12","slug":"quin-fastic","status":"publish","type":"post","link":"https:\/\/www.jaumefarres.cat\/?p=1358","title":{"rendered":"Quin f\u00e0stic!"},"content":{"rendered":"<p><em>\u201cL\u2019\u00e8tica \u00e9s saber la difer\u00e8ncia entre el que tens dret a fer i el que \u00e9s correcte fer\u201d <\/em>(Potter Stewart, 1915-1985)<\/p>\n<p>L\u2019afer \u201cLopetegui \u201c \u00e9s un altre exponent dels comportaments \u00e8tics del pa\u00eds. Quin f\u00e0stic! Una vegada m\u00e9s, el president totpoder\u00f3s del club de la capital, que es vanta del \u201cse\u00f1or\u00edo\u201d de l\u2019entitat, d\u00f3na mostra de la seva particular manera de fer al marge de qualsevol principi, llevat dels seus si \u00e9s que en t\u00e9. D\u2019altra banda, qu\u00e8 dir del fins ara seleccionador nacional&#8230;, tota una demostraci\u00f3 de la seva categoria personal. Tot indica que a dia d\u2019avui, la dignitat no \u00e9s un valor que es cotitzi, ans al contrari, es volatilitza a la m\u00e9s m\u00ednima ocasi\u00f3 en funci\u00f3 d\u2019interessos obscurs. Tal com comen\u00e7o dient, l\u2019\u00e8tica del pa\u00eds est\u00e0 en situaci\u00f3 de fallida, en tots els \u00e0mbits hi ha exemples per donar i per vendre, i dissortadament, no es veu una sortida a curt termini.<\/p>\n<p>Tanmateix, ja em puc imaginar els titulars i comentaris dels mitjans de comunicaci\u00f3 de sempre si el protagonista d\u2019aquest assumpte hagu\u00e9s sigut el Bar\u00e7a o qualsevol altra entitat catalana. Tal com estan les coses, \u00e9s molt possible que s\u2019hagu\u00e9s convertit en una q\u00fcesti\u00f3 d\u2019estat per tal de presentar, una vegada m\u00e9s, Catalunya com a font de desestabilitzaci\u00f3 en conxorxa permanent.<\/p>\n<p>En qualsevol cas, a partir d\u2019ara i m\u00e9s que mai, es veur\u00e0 com tot es polaritza al voltant de la \u201cRoja\u201d, de les decisions que s\u2019han pres i de les conseq\u00fc\u00e8ncies que se\u2019n puguin derivar. Espanya \u00e9s aix\u00ed i no canviar\u00e0, la ciutadania hauria de reflexionar al respecte perqu\u00e8 el futbol no \u00e9s un problema vital, o no ho hauria de ser.<\/p>\n<p style=\"text-align: right;\"><em>13\/6\/2018<\/em><\/p>\n<p style=\"text-align: left;\"><em><strong>Publicada al diari ARA amb el t\u00edtol &#8220;L&#8217;\u00e8tica del pa\u00eds&#8221; el 15\/6\/2018, a EL PUNT AVUI i a EL PERI\u00d3DICO amb el t\u00edtol &#8220;Afer Lopetegu&#8221;: tot menys &#8220;se\u00f1or\u00edo&#8221; el 18\/6\/2018<\/strong><\/em><\/p>\n","protected":false},"excerpt":{"rendered":"<p>\u201cL\u2019\u00e8tica \u00e9s saber la difer\u00e8ncia entre el que tens dret a fer i el que \u00e9s correcte fer\u201d (Potter Stewart, 1915-1985) L\u2019afer \u201cLopetegui \u201c \u00e9s un altre exponent dels comportaments \u00e8tics del pa\u00eds. Quin f\u00e0stic! Una vegada m\u00e9s, el president totpoder\u00f3s del club de la capital, que es vanta del \u201cse\u00f1or\u00edo\u201d de l\u2019entitat, d\u00f3na mostra [&hellip;]<\/p>\n","protected":false},"author":1,"featured_media":0,"comment_status":"closed","ping_status":"open","sticky":false,"template":"","format":"standard","meta":[],"categories":[8],"tags":[],"_links":{"self":[{"href":"https:\/\/www.jaumefarres.cat\/index.php?rest_route=\/wp\/v2\/posts\/1358"}],"collection":[{"href":"https:\/\/www.jaumefarres.cat\/index.php?rest_route=\/wp\/v2\/posts"}],"about":[{"href":"https:\/\/www.jaumefarres.cat\/index.php?rest_route=\/wp\/v2\/types\/post"}],"author":[{"embeddable":true,"href":"https:\/\/www.jaumefarres.cat\/index.php?rest_route=\/wp\/v2\/users\/1"}],"replies":[{"embeddable":true,"href":"https:\/\/www.jaumefarres.cat\/index.php?rest_route=%2Fwp%2Fv2%2Fcomments&post=1358"}],"version-history":[{"count":5,"href":"https:\/\/www.jaumefarres.cat\/index.php?rest_route=\/wp\/v2\/posts\/1358\/revisions"}],"predecessor-version":[{"id":1369,"href":"https:\/\/www.jaumefarres.cat\/index.php?rest_route=\/wp\/v2\/posts\/1358\/revisions\/1369"}],"wp:attachment":[{"href":"https:\/\/www.jaumefarres.cat\/index.php?rest_route=%2Fwp%2Fv2%2Fmedia&parent=1358"}],"wp:term":[{"taxonomy":"category","embeddable":true,"href":"https:\/\/www.jaumefarres.cat\/index.php?rest_route=%2Fwp%2Fv2%2Fcategories&post=1358"},{"taxonomy":"post_tag","embeddable":true,"href":"https:\/\/www.jaumefarres.cat\/index.php?rest_route=%2Fwp%2Fv2%2Ftags&post=1358"}],"curies":[{"name":"wp","href":"https:\/\/api.w.org\/{rel}","templated":true}]}}