{"id":1351,"date":"2018-06-11T11:09:48","date_gmt":"2018-06-11T11:09:48","guid":{"rendered":"http:\/\/www.jaumefarres.cat\/?p=1351"},"modified":"2018-06-13T11:32:01","modified_gmt":"2018-06-13T11:32:01","slug":"equilibri-estable-inestable-i-indiferent","status":"publish","type":"post","link":"https:\/\/www.jaumefarres.cat\/?p=1351","title":{"rendered":"Equilibri: estable, inestable i indiferent"},"content":{"rendered":"<p>Quan aquests darrers dies s\u2019est\u00e0 intentant intoxicar -per part de l\u2019oposici\u00f3 i dels mitjans de comunicaci\u00f3 habituals- l\u2019opini\u00f3 p\u00fablica, amb les suposades concessions del nou govern socialista envers Catalunya, penso en el concepte f\u00edsic d\u2019equilibri i en les tres situacions que es poden donar al respecte: equilibri estable, equilibri inestable i equilibri indiferent. La situaci\u00f3 d\u2019estabilitat comporta un equilibri entre els drets i els deures. La d\u2019inestabilitat un desequilibri entre els uns i els altre. D\u2019indifer\u00e8ncia no cal parlar-ne, perqu\u00e8 el \u201cse me\u2019n fot\u201d no porta enlloc malgrat de vegades, per saturaci\u00f3 i cansament, f\u00f3ra el m\u00e9s pr\u00e0ctic.<\/p>\n<p>\u00c9s innegable que, en aquests darrers anys, a Catalunya es viu en equilibri inestable \u2013amb molts m\u00e9s deures que no pas drets- i que amb el canvi de govern, al menys aparentment, sembla que es vol reconduir la situaci\u00f3 amb l\u2019objectiu d\u2019aconseguir estabilitat, perqu\u00e8 \u00e9s evident que Espanya no es pot permetre el luxe de romandre on l\u2019ha portat la intransig\u00e8ncia i l\u2019acci\u00f3 del PP pel que fa a Catalunya.<\/p>\n<p>Si realment hi ha voluntat de resoldre un problema que afecta a tot el pa\u00eds, \u00a0el govern central ha d\u2019iniciar una campanya informativa adre\u00e7ada a tot l\u2019Estat per tal de deixar molt clar, d\u2019una vegada per totes, que des de Catalunya no es reclama res que no li pertoqui. Es pot estar d\u2019acord o no amb el dret a decidir, el que no es poden discutir s\u00f3n uns incompliments enquistats, la normalitzaci\u00f3 dels quals en cap cas \u00e9s una concessi\u00f3, \u00e9s la restituci\u00f3 de tot all\u00f2 que ens correspon legalment en base a un Estatut \u201ccepillado\u201d en el seu moment i origen de la problem\u00e0tica actual.<\/p>\n<p style=\"text-align: right;\"><em>11\/6\/2018<\/em><\/p>\n<p style=\"text-align: left;\"><strong><em>Publicada al diari ARA amb el t\u00edtol &#8220;Q\u00fcesti\u00f3 d&#8217;equilibri&#8221; i a EL PERI\u00d3DICO amb el t\u00edtol &#8220;Espanya-Catalunya: equilibri estable, inestable i indiferent&#8221; el 13\/6\/2018<\/em><\/strong><\/p>\n<p>&nbsp;<\/p>\n","protected":false},"excerpt":{"rendered":"<p>Quan aquests darrers dies s\u2019est\u00e0 intentant intoxicar -per part de l\u2019oposici\u00f3 i dels mitjans de comunicaci\u00f3 habituals- l\u2019opini\u00f3 p\u00fablica, amb les suposades concessions del nou govern socialista envers Catalunya, penso en el concepte f\u00edsic d\u2019equilibri i en les tres situacions que es poden donar al respecte: equilibri estable, equilibri inestable i equilibri indiferent. La situaci\u00f3 [&hellip;]<\/p>\n","protected":false},"author":1,"featured_media":0,"comment_status":"closed","ping_status":"open","sticky":false,"template":"","format":"standard","meta":[],"categories":[8],"tags":[],"_links":{"self":[{"href":"https:\/\/www.jaumefarres.cat\/index.php?rest_route=\/wp\/v2\/posts\/1351"}],"collection":[{"href":"https:\/\/www.jaumefarres.cat\/index.php?rest_route=\/wp\/v2\/posts"}],"about":[{"href":"https:\/\/www.jaumefarres.cat\/index.php?rest_route=\/wp\/v2\/types\/post"}],"author":[{"embeddable":true,"href":"https:\/\/www.jaumefarres.cat\/index.php?rest_route=\/wp\/v2\/users\/1"}],"replies":[{"embeddable":true,"href":"https:\/\/www.jaumefarres.cat\/index.php?rest_route=%2Fwp%2Fv2%2Fcomments&post=1351"}],"version-history":[{"count":5,"href":"https:\/\/www.jaumefarres.cat\/index.php?rest_route=\/wp\/v2\/posts\/1351\/revisions"}],"predecessor-version":[{"id":1357,"href":"https:\/\/www.jaumefarres.cat\/index.php?rest_route=\/wp\/v2\/posts\/1351\/revisions\/1357"}],"wp:attachment":[{"href":"https:\/\/www.jaumefarres.cat\/index.php?rest_route=%2Fwp%2Fv2%2Fmedia&parent=1351"}],"wp:term":[{"taxonomy":"category","embeddable":true,"href":"https:\/\/www.jaumefarres.cat\/index.php?rest_route=%2Fwp%2Fv2%2Fcategories&post=1351"},{"taxonomy":"post_tag","embeddable":true,"href":"https:\/\/www.jaumefarres.cat\/index.php?rest_route=%2Fwp%2Fv2%2Ftags&post=1351"}],"curies":[{"name":"wp","href":"https:\/\/api.w.org\/{rel}","templated":true}]}}