{"id":1343,"date":"2018-06-03T10:19:27","date_gmt":"2018-06-03T10:19:27","guid":{"rendered":"http:\/\/www.jaumefarres.cat\/?p=1343"},"modified":"2018-06-07T13:21:18","modified_gmt":"2018-06-07T13:21:18","slug":"reflexions-post-mocio-de-censura","status":"publish","type":"post","link":"https:\/\/www.jaumefarres.cat\/?p=1343","title":{"rendered":"Reflexions post moci\u00f3 de censura"},"content":{"rendered":"<p>Tot sembla indicar que en pol\u00edtica no n\u2019hi ha prou en pervertir el llenguatge, cal buscar i, si \u00e9s necessari, crear noves expressions per tal de seduir de forma sensacionalista i superficial a les masses \u2013que s\u2019hi prestin- amb un \u00fanic objectiu: guanyar vots per aconseguir el poder. D\u2019aix\u00f2 se\u2019n diu populisme i l\u2019expressi\u00f3 \u201cgovern Frankenstein\u201d n\u2019\u00e9s un exemple m\u00e9s. Per si alg\u00fa ho ignora, fer refer\u00e8ncia a Frankenstein, \u00e9s parlar d\u2019un monstre creat pel doctor que li va donar nom, a partir de restes de cossos humans morts, \u00e9s a dir, de cad\u00e0vers. Segons Albert Rivera, el govern que sorgir\u00e0 arran de la moci\u00f3 de censura, ser\u00e0 aix\u00f2, un monstre creat a partir de cad\u00e0vers pol\u00edtics.<\/p>\n<p>En base a aquesta afirmaci\u00f3, estaria b\u00e9 que l\u2019electorat en general, i el de C\u2019s en particular, comenc\u00e9s a plantejar-se el monstre que es podria crear, aix\u00ed com les possibles i m\u00e9s que probables conseq\u00fc\u00e8ncies, per part de l\u2019acci\u00f3 d\u2019un govern format per una combinaci\u00f3 de lerrouxisme i de falangisme entre d\u2019altres ideologies adoptades, i adaptades, segons la conveni\u00e8ncia: <em>\u201cS\u00f3c de poble, no he estat mai m\u00e9s que aix\u00f2, no vull ser res m\u00e9s que aix\u00f2, menystinc qui t\u00e9 pretensions de ser alguna cosa m\u00e9s [&#8230;] Nosaltres som els <strong>sans-coulottes<\/strong>&#8230; <\/em>(Maximilien de Robespierre, 1758-1794).<\/p>\n<p>El contingut i l\u2019estil habitual exhibit per Albert Rivera en el seu discurs, durant la primera sessi\u00f3 del debat, aix\u00ed com les posteriors declaracions, haurien de ser motiu de preocupaci\u00f3 suficient com per reflexionar i valorar les propostes del l\u00edder de C\u2019s, propostes inspirades en ideologies que, a la pr\u00e0ctica, van ser l\u2019origen de situacions i d\u2019esdeveniments de conseq\u00fc\u00e8ncies totalment nefastes.<\/p>\n<p>En qualsevol cas, i malgrat les dificultats que es presenten, no cal ser gaire espavilat per entendre que per superar la crisi d\u2019estat i de pa\u00eds, no queda m\u00e9s remei que recuperar el seny per part de tothom i iniciar una etapa de reconstrucci\u00f3 basada en el respecte i l\u2019honestedat: <strong>constructivisme.<\/strong><\/p>\n<p style=\"text-align: right;\"><em>3\/6\/2018<\/em><\/p>\n<p style=\"text-align: left;\"><strong><em>Publicada a EL PERI\u00d3DICO amb el t\u00edtol &#8220;Comen\u00e7a l&#8217;etapa del seny, l&#8217;etapa del constructivisme&#8221; el 7\/6\/2018<\/em><\/strong><\/p>\n","protected":false},"excerpt":{"rendered":"<p>Tot sembla indicar que en pol\u00edtica no n\u2019hi ha prou en pervertir el llenguatge, cal buscar i, si \u00e9s necessari, crear noves expressions per tal de seduir de forma sensacionalista i superficial a les masses \u2013que s\u2019hi prestin- amb un \u00fanic objectiu: guanyar vots per aconseguir el poder. D\u2019aix\u00f2 se\u2019n diu populisme i l\u2019expressi\u00f3 \u201cgovern [&hellip;]<\/p>\n","protected":false},"author":1,"featured_media":0,"comment_status":"closed","ping_status":"open","sticky":false,"template":"","format":"standard","meta":[],"categories":[8],"tags":[],"_links":{"self":[{"href":"https:\/\/www.jaumefarres.cat\/index.php?rest_route=\/wp\/v2\/posts\/1343"}],"collection":[{"href":"https:\/\/www.jaumefarres.cat\/index.php?rest_route=\/wp\/v2\/posts"}],"about":[{"href":"https:\/\/www.jaumefarres.cat\/index.php?rest_route=\/wp\/v2\/types\/post"}],"author":[{"embeddable":true,"href":"https:\/\/www.jaumefarres.cat\/index.php?rest_route=\/wp\/v2\/users\/1"}],"replies":[{"embeddable":true,"href":"https:\/\/www.jaumefarres.cat\/index.php?rest_route=%2Fwp%2Fv2%2Fcomments&post=1343"}],"version-history":[{"count":4,"href":"https:\/\/www.jaumefarres.cat\/index.php?rest_route=\/wp\/v2\/posts\/1343\/revisions"}],"predecessor-version":[{"id":1350,"href":"https:\/\/www.jaumefarres.cat\/index.php?rest_route=\/wp\/v2\/posts\/1343\/revisions\/1350"}],"wp:attachment":[{"href":"https:\/\/www.jaumefarres.cat\/index.php?rest_route=%2Fwp%2Fv2%2Fmedia&parent=1343"}],"wp:term":[{"taxonomy":"category","embeddable":true,"href":"https:\/\/www.jaumefarres.cat\/index.php?rest_route=%2Fwp%2Fv2%2Fcategories&post=1343"},{"taxonomy":"post_tag","embeddable":true,"href":"https:\/\/www.jaumefarres.cat\/index.php?rest_route=%2Fwp%2Fv2%2Ftags&post=1343"}],"curies":[{"name":"wp","href":"https:\/\/api.w.org\/{rel}","templated":true}]}}