{"id":1320,"date":"2018-05-30T15:25:50","date_gmt":"2018-05-30T15:25:50","guid":{"rendered":"http:\/\/www.jaumefarres.cat\/?p=1320"},"modified":"2018-06-04T15:14:40","modified_gmt":"2018-06-04T15:14:40","slug":"la-bona-educacio-no-hauria-destar-renyida-amb-la-ideologia","status":"publish","type":"post","link":"https:\/\/www.jaumefarres.cat\/?p=1320","title":{"rendered":"La bona educaci\u00f3 no hauria d&#8217;estar renyida amb la ideologia"},"content":{"rendered":"<p>A nivell personal, puc estar d\u2019acord o no amb una manera de pensar, el que no puc fer \u00e9s insultar i faltar al respecte per discrep\u00e0ncies ideol\u00f2giques. De l\u2019educaci\u00f3 rebuda en depenen els l\u00edmits de les meves actituds i els meus comportaments, la qual cosa no vol dir que m\u2019hagi de reprimir quan es tracta d\u2019expressar les meves opinions. La llibertat d\u2019expressi\u00f3 no pot obviar les formes i el vocabulari emprat, perqu\u00e8 barrejar els conceptes, pressuposa no tenir-los clars i, el que \u00e9s pitjor, quedar en evid\u00e8ncia.<\/p>\n<p>Amb tota humilitat, i amb la millor de les intencions, vull adre\u00e7ar al senyor Jordi Ca\u00f1as, cinc frases que poden contribuir a replantejar les seves formes pel que fa al seu discurs i, com a conseq\u00fc\u00e8ncia, millorar la seva imatge p\u00fablica:<\/p>\n<p>1) <em>\u201cL\u2019educaci\u00f3 ens fa ser com som\u201d <\/em>(Claude Adrien Helv\u00e9tius, 1715-1771)<\/p>\n<p>2) <em>\u201cL\u2019educaci\u00f3 \u00e9s alguna cosa que rep la majoria, que molts transmeten i que pocs tenen\u201d <\/em>(Karl Kraus, 1874-1936)<\/p>\n<p>3) <em>\u201cEducaci\u00f3 \u00e9s l\u2019aptitud per escoltar qualsevol cosa sense perdre les bones formes ni la confian\u00e7a en un mateix\u201d <\/em>(Robert Frost, 1874-1963)<\/p>\n<p>4) <em>\u201cLa hist\u00f2ria de la humanitat cada vegada \u00e9s m\u00e9s una cursa entre l\u2019educaci\u00f3 i la cat\u00e0strofe\u201d <\/em>Herbert George Wells, 1866-1946) <em>\u00a0<\/em><\/p>\n<p>5) <em>\u201cL\u2019educaci\u00f3 \u00e9s el que sobreviu quan s\u2019oblida el qu\u00e8 s\u2019ha apr\u00e8s\u201d <\/em>(Burrhus Frederic Skinner, 1904-1990)<\/p>\n<p style=\"text-align: right;\"><em>30\/5\/2018<\/em><\/p>\n<p style=\"text-align: left;\"><strong><em>Publicada a EL PERI\u00d3DICO el 4\/6\/2018<\/em><\/strong><\/p>\n","protected":false},"excerpt":{"rendered":"<p>A nivell personal, puc estar d\u2019acord o no amb una manera de pensar, el que no puc fer \u00e9s insultar i faltar al respecte per discrep\u00e0ncies ideol\u00f2giques. De l\u2019educaci\u00f3 rebuda en depenen els l\u00edmits de les meves actituds i els meus comportaments, la qual cosa no vol dir que m\u2019hagi de reprimir quan es tracta [&hellip;]<\/p>\n","protected":false},"author":1,"featured_media":0,"comment_status":"closed","ping_status":"open","sticky":false,"template":"","format":"standard","meta":[],"categories":[8],"tags":[],"_links":{"self":[{"href":"https:\/\/www.jaumefarres.cat\/index.php?rest_route=\/wp\/v2\/posts\/1320"}],"collection":[{"href":"https:\/\/www.jaumefarres.cat\/index.php?rest_route=\/wp\/v2\/posts"}],"about":[{"href":"https:\/\/www.jaumefarres.cat\/index.php?rest_route=\/wp\/v2\/types\/post"}],"author":[{"embeddable":true,"href":"https:\/\/www.jaumefarres.cat\/index.php?rest_route=\/wp\/v2\/users\/1"}],"replies":[{"embeddable":true,"href":"https:\/\/www.jaumefarres.cat\/index.php?rest_route=%2Fwp%2Fv2%2Fcomments&post=1320"}],"version-history":[{"count":4,"href":"https:\/\/www.jaumefarres.cat\/index.php?rest_route=\/wp\/v2\/posts\/1320\/revisions"}],"predecessor-version":[{"id":1346,"href":"https:\/\/www.jaumefarres.cat\/index.php?rest_route=\/wp\/v2\/posts\/1320\/revisions\/1346"}],"wp:attachment":[{"href":"https:\/\/www.jaumefarres.cat\/index.php?rest_route=%2Fwp%2Fv2%2Fmedia&parent=1320"}],"wp:term":[{"taxonomy":"category","embeddable":true,"href":"https:\/\/www.jaumefarres.cat\/index.php?rest_route=%2Fwp%2Fv2%2Fcategories&post=1320"},{"taxonomy":"post_tag","embeddable":true,"href":"https:\/\/www.jaumefarres.cat\/index.php?rest_route=%2Fwp%2Fv2%2Ftags&post=1320"}],"curies":[{"name":"wp","href":"https:\/\/api.w.org\/{rel}","templated":true}]}}