{"id":1318,"date":"2018-05-30T15:22:52","date_gmt":"2018-05-30T15:22:52","guid":{"rendered":"http:\/\/www.jaumefarres.cat\/?p=1318"},"modified":"2018-06-02T19:55:19","modified_gmt":"2018-06-02T19:55:19","slug":"el-retaule-de-can-pixarrellisca","status":"publish","type":"post","link":"https:\/\/www.jaumefarres.cat\/?p=1318","title":{"rendered":"El retaule de Can Pixarrellisca"},"content":{"rendered":"<p>Diverses declaracions a la premsa per part de personatges del m\u00f3n de la pol\u00edtica m\u2019han fet decidir a titular aquesta carta com \u201c<em>El retaule de Can Pixarrellisca\u201d<\/em>, perqu\u00e8 ben b\u00e9 podrien ser la font d\u2019inspiraci\u00f3 per tal d\u2019escriure una obra pr\u00f2pia del teatre de l\u2019absurd (amb perd\u00f3 dels grans autors del g\u00e8nere) que retrat\u00e9s la realitat del pa\u00eds.<\/p>\n<p>Heus aqu\u00ed un recull, molt significatiu, de les declaracions fetes pels esmentats personatges, potencials integrants d\u2019un repartiment per a la hipot\u00e8tica obra: 1)<em>\u201cEls jutges no s\u00f3n infal\u00b7libles\u201d. <\/em>2) <em>\u201cEm preocupa m\u00e9s l\u2019independentisme que el qu\u00e8 hagi pogut robar el PP\u201d. <\/em>3) <em>\u201cQuim Torra \u00e9s un nazi\u201d. <\/em>4) <em>\u201c\u00c9s injust comparar Le Pen amb Quim Torra\u201d.<\/em>5) <em>\u201c\u00c9s culpa vostra. No heu fet res\u201d. <\/em>6) <em>\u201cTorra \u00e9s un feixista\u201d. <\/em>7) <em>\u201cEl 155 avala no publicar el nomenament dels consellers\u201d.<\/em><\/p>\n<p>Davant d\u2019aquestes afirmacions, plantejo les seg\u00fcents preguntes: 1) Senyora de Cospedal: la suposada infal\u00b7libilitat dels jutges, \u00e9s exclusiva pel que fa als temes relacionats amb Catalunya? 2) Senyor Rodr\u00edguez Ibarra: podria explicar, sense fer demag\u00f2gia, els motius pels quals el preocupa l\u2019independentisme i, no tant, l\u2019activitat delictiva comesa pel PP segons la sent\u00e8ncia dictada? 3) Senyor Alfonso Guerra: vost\u00e8 t\u00e9 la m\u00e9s m\u00ednima idea de qu\u00e8 va suposar el nazisme per als milions de persones que el van haver de patir?\u00a0 4) Senyor Borrell: Aquesta comparaci\u00f3, no li sembla una bajanada? 5) Monsieur Valls: Qu\u00e8 pret\u00e9n demostrar esbroncant un auditori tan il\u00b7lustre? 6) Senyor Lamb\u00e1n: Vost\u00e8 com Guerra, oi? 7) Senyor Rajoy: Realment es creu que el 155 justifica qualsevol barbaritat?<\/p>\n<p>Ben segur que properament apareixeran m\u00e9s declaracions d\u2019aquest nivell perqu\u00e8 quan s\u2019han perdut els papers i la vergonya, la incontin\u00e8ncia verbal s\u2019incrementa. I aix\u00ed \u00e9s com hem arribat on som. Est\u00e0 per veure el final de <em>\u201cEl retaule de Can Pixarrellisca\u201d. <\/em>Com a dem\u00f2crataespero poder aplaudir!<\/p>\n<p style=\"text-align: right;\"><em>30\/5\/2018<\/em><\/p>\n<p style=\"text-align: left;\"><em><strong>Publicada a EL PERI\u00d3DICO el 2\/6\/2018<\/strong><\/em><\/p>\n","protected":false},"excerpt":{"rendered":"<p>Diverses declaracions a la premsa per part de personatges del m\u00f3n de la pol\u00edtica m\u2019han fet decidir a titular aquesta carta com \u201cEl retaule de Can Pixarrellisca\u201d, perqu\u00e8 ben b\u00e9 podrien ser la font d\u2019inspiraci\u00f3 per tal d\u2019escriure una obra pr\u00f2pia del teatre de l\u2019absurd (amb perd\u00f3 dels grans autors del g\u00e8nere) que retrat\u00e9s la [&hellip;]<\/p>\n","protected":false},"author":1,"featured_media":0,"comment_status":"closed","ping_status":"open","sticky":false,"template":"","format":"standard","meta":[],"categories":[8],"tags":[],"_links":{"self":[{"href":"https:\/\/www.jaumefarres.cat\/index.php?rest_route=\/wp\/v2\/posts\/1318"}],"collection":[{"href":"https:\/\/www.jaumefarres.cat\/index.php?rest_route=\/wp\/v2\/posts"}],"about":[{"href":"https:\/\/www.jaumefarres.cat\/index.php?rest_route=\/wp\/v2\/types\/post"}],"author":[{"embeddable":true,"href":"https:\/\/www.jaumefarres.cat\/index.php?rest_route=\/wp\/v2\/users\/1"}],"replies":[{"embeddable":true,"href":"https:\/\/www.jaumefarres.cat\/index.php?rest_route=%2Fwp%2Fv2%2Fcomments&post=1318"}],"version-history":[{"count":2,"href":"https:\/\/www.jaumefarres.cat\/index.php?rest_route=\/wp\/v2\/posts\/1318\/revisions"}],"predecessor-version":[{"id":1342,"href":"https:\/\/www.jaumefarres.cat\/index.php?rest_route=\/wp\/v2\/posts\/1318\/revisions\/1342"}],"wp:attachment":[{"href":"https:\/\/www.jaumefarres.cat\/index.php?rest_route=%2Fwp%2Fv2%2Fmedia&parent=1318"}],"wp:term":[{"taxonomy":"category","embeddable":true,"href":"https:\/\/www.jaumefarres.cat\/index.php?rest_route=%2Fwp%2Fv2%2Fcategories&post=1318"},{"taxonomy":"post_tag","embeddable":true,"href":"https:\/\/www.jaumefarres.cat\/index.php?rest_route=%2Fwp%2Fv2%2Ftags&post=1318"}],"curies":[{"name":"wp","href":"https:\/\/api.w.org\/{rel}","templated":true}]}}